{"id":9613,"date":"2024-03-07T15:36:03","date_gmt":"2024-03-07T14:36:03","guid":{"rendered":"http:\/\/www.herner-sozialforum.de\/?p=9613"},"modified":"2024-03-07T15:36:03","modified_gmt":"2024-03-07T14:36:03","slug":"das-buergergeld-ist-als-kuendigungsgrund-das-geben-die-daten-nicht-her-aber-die-erzaehlung-hat-sich-verselbststaendigt","status":"publish","type":"post","link":"https:\/\/www.herner-sozialforum.de\/aktuell\/?p=9613","title":{"rendered":"Das B\u00fcrgergeld ist als K\u00fcndigungsgrund? Das geben die Daten nicht her, aber die Erz\u00e4hlung hat sich verselbstst\u00e4ndigt!"},"content":{"rendered":"<header class=\"entry-header\" aria-label=\"Inhalt\">\n<h2 class=\"entry-title\">Das B\u00fcrgergeld ist als K\u00fcndigungsgrund? Das geben die Daten nicht her, aber die Erz\u00e4hlung hat sich verselbstst\u00e4ndigt<\/h2>\n<div class=\"entry-meta\"><span class=\"posted-on\"><time class=\"entry-date published\" datetime=\"2024-03-03T21:56:12+01:00\">3. M\u00e4rz 2024<\/time><\/span> <span class=\"byline\">von <span class=\"author vcard\"><a class=\"url fn n\" title=\"Alle Beitr\u00e4ge von Stefan Sell anzeigen\" href=\"https:\/\/aktuelle-sozialpolitik.de\/author\/stefan-sell\/\" rel=\"author\"><span class=\"author-name\">Stefan Sell<\/span><\/a><\/span><\/span><\/div>\n<\/header>\n<div class=\"entry-content\">\n<p>Seit Monaten erleben wir eine sich selbst befeuernde Debatte \u00fcber das B\u00fcrgergeld, die verengt wurde auf die Aussage, dass es sich \u201enicht mehr lohnen\u201c w\u00fcrde, einer Erwerbsarbeit nachzugehen, weil man mit diesem B\u00fcrgergeld ohne anstrengende Arbeit das gleiche auf die Hand bekommen w\u00fcrde, als wenn man den Buckel krumm machen muss. Die teilweise extrem vereinfachenden und zahlreiche Komponenten au\u00dfer Acht lassende \u201eModellrechnungen\u201c wurden durch die Medienlandschaft getrieben (die damit transportierte Erz\u00e4hlung von der b\u00fcrgergeldbedingten Sinnlosigkeit ordentlicher Erwerbsarbeit wurde bereits im Vorfeld der Umoperation von Hartz IV zum B\u00fcrgergeld vor allem in den sozialen Medien verbreitet, vgl. hierzu bereits im Oktober 2022 die Ver\u00f6ffentlichung <a href=\"http:\/\/www.portal-sozialpolitik.de\/index.php?page=narrativ_nicht_lohnende_arbeit\" data-type=\"link\" data-id=\"http:\/\/www.portal-sozialpolitik.de\/index.php?page=narrativ_nicht_lohnende_arbeit\">Das Narrativ von der nicht lohnenden Arbeit<\/a> von Johannes Steffen).<\/p>\n<p>Im vergangenen Jahr hyperventilierte die Debatte und es wurden Berichte lanciert, dass es sogar Besch\u00e4ftigte in typischen Niedriglohnjobs geben w\u00fcrde, die mit ausdr\u00fccklicher Bezugnahme auf das B\u00fcrgergeld ihren Job hinschmei\u00dfen. So meldete sich \u2013 dann vielfach zitiert \u2013 im Oktober 2023 der Bundesinnungsverband \u201eDie Geb\u00e4udereiniger\u201c im Rahmen ihrer <a href=\"https:\/\/www.die-gebaeudedienstleister.de\/presse\/aktuelle-presseinformationen\/detail\/herbst-konjunkturumfrage-2023\" target=\"_blank\" rel=\"noreferrer noopener\" data-type=\"link\" data-id=\"https:\/\/www.die-gebaeudedienstleister.de\/presse\/aktuelle-presseinformationen\/detail\/herbst-konjunkturumfrage-2023\">Herbst-Konjunkturumfrage 2023<\/a> zu Wort: \u00bb28,4 % der befragten Unternehmen geben an, dass bereits mehrere Besch\u00e4ftigte mit konkretem Verweis auf das B\u00fcrgergeld gek\u00fcndigt bzw. eine K\u00fcndigung in Aussicht gestellt haben.\u00ab Und das vor der Anhebung des B\u00fcrgergeldes zum 1. Januar 2024.<\/p>\n<\/div>\n<p><!--more--><\/p>\n<div class=\"entry-content\">\n<p>Im November 2023 hat sich Enzo Weber vom Institut f\u00fcr Arbeitsmarkt- und Berufsforschung (IAB) der Bundesagentur f\u00fcr Arbeit zu Wort gemeldet, in der \u00dcberschrift noch netterweise mit einem Fragezeichen hantierend: <a href=\"https:\/\/makronom.de\/jobkiller-buergergeld-45313\" target=\"_blank\" rel=\"noreferrer noopener\" data-type=\"link\" data-id=\"https:\/\/makronom.de\/jobkiller-buergergeld-45313\">Jobkiller B\u00fcrgergeld?<\/a>: Grunds\u00e4tzlich gibt es zwei Wege, die beschritten werden k\u00f6nnen, wenn das B\u00fcrgergeld Menschen von der Erwerbsarbeit abhalten sollte: Es wechseln mehr Personen aus Jobs in das B\u00fcrgergeld \u2013 oder weniger B\u00fcrgergeld-Bezieher nehmen Jobs auf. Hier geht es um den Fall des Abgangs aus Erwersbarbeit in den B\u00fcrgergeld-Bezug. Weber hat sich die Daten bis Oktober 2023 angeschaut und kam zu folgendem Befund: \u00bbTats\u00e4chlich liegen die monatlichen Zug\u00e4nge aus Besch\u00e4ftigung in die Grundsicherung (SGB-II-Arbeitslosigkeit) aber aktuell bis Oktober so niedrig wie noch nie. Nach der B\u00fcrgergeldeinf\u00fchrung Anfang 2023 sind die Zug\u00e4nge sogar weiter gesunken.\u00ab<\/p>\n<p>Die \u2013 allerdings in der \u00f6ffentlichen Diskussion weit gestreute \u2013 Vorstellung, Reinigungskr\u00e4fte w\u00fcrden vermehrt k\u00fcndigen und stattdessen auf das B\u00fcrgergeld umsteigen, war schon im vergangenen Jahr nicht haltbar. Speziell zu dieser Berufsgruppe hatte Enzo Weber in dem Beitrag <a href=\"https:\/\/www.merkur.de\/wirtschaft\/wissenschaft-arbeitsmarkt-forschung-buergergeld-debatte-grundsicherung-reinigungsjob-statistiken-zr-92598413.html\" data-type=\"link\" data-id=\"https:\/\/www.merkur.de\/wirtschaft\/wissenschaft-arbeitsmarkt-forschung-buergergeld-debatte-grundsicherung-reinigungsjob-statistiken-zr-92598413.html\">\u201eFakten, bitte!\u201c: \u00d6konom \u00e4rgert sich \u00fcber B\u00fcrgergeld-Debatte<\/a> ausgef\u00fchrt: \u00bbNimmt man die Zug\u00e4nge in die Grundsicherung aus der Reinigungsbranche genauer unter die Lupe, gibt es keine Ausschl\u00e4ge seit der Einf\u00fchrung des B\u00fcrgergelds. Im Gegenteil: Es sei \u201e\u00fcberhaupt keine \u00c4nderung ersichtlich, der leichte Abw\u00e4rtstrend setzt sich fort\u201c \u2026 In Einzelf\u00e4llen g\u00e4be es wom\u00f6glich eine absichtliche Inanspruchnahme von staatlichen Leistungen, aber \u201eeine Flucht aus Besch\u00e4ftigung sieht anders aus\u201c.\u00ab<\/p>\n<p>Die Kritik an den vielzitierten Berichten aus dem Bereich der Geb\u00e4udereiniger sind also schon im vergangenen Jahr breit in Frage gestellt und anders eingeordnet worden:<a href=\"https:\/\/www.tagesspiegel.de\/wirtschaft\/kundigungen-wegen-burgergeld-menschen-mit-niedrigem-einkommen-sollen-gegeneinander-ausgespielt-werden-10658710.html\" data-type=\"link\" data-id=\"https:\/\/www.tagesspiegel.de\/wirtschaft\/kundigungen-wegen-burgergeld-menschen-mit-niedrigem-einkommen-sollen-gegeneinander-ausgespielt-werden-10658710.html\"> K\u00fcndigungen wegen B\u00fcrgergeld? \u201eMenschen mit niedrigem Einkommen sollen gegeneinander ausgespielt werden\u201c<\/a>, so einer der entsprechenden Artikel. Auch hier waren die Ausf\u00fchrungen in der Herbstumfrage der Geb\u00e4udereiniger Ausgangspunkt der Kritik: \u00bb\u201eDiese Umfrage ist h\u00f6chst unseri\u00f6s, die Grundlage sind Annahmen statt Fakten\u201c, wird Ulrike Laux, Vorst\u00e4ndin der Industriegewerkschaft Bauen-Agrar-Umwelt (IG Bau) und zust\u00e4ndig f\u00fcr die Geb\u00e4udereiniger,\u00ab zitiert. Die Gewerkschafterin verwies \u00bbauf Zahlen der Bundesagentur f\u00fcr Arbeit. \u00dcber alle Berufsgruppen hinweg stieg demnach die Zahl der Arbeitslosen von September 2022 bis 2023 um 5,6 Prozent \u2013 in den Reinigungsberufen jedoch nur um 2,5 Prozent. \u201eDas sind die Fakten, alles andere sind weit hergeholte Behauptungen\u201c, so Laux.\u00ab<\/p>\n<p><strong>Substanz jenseits der Stimmungsmache?<\/strong><\/p>\n<p>Nun wurde im Bundestag seitens des Gr\u00fcnen-Abgeordneten Frank Bsirske der Bundesregierung die folgende Frage gestellt (vgl. <a href=\"https:\/\/dserver.bundestag.de\/btd\/20\/104\/2010458.pdf\" target=\"_blank\" rel=\"noreferrer noopener\" data-type=\"link\" data-id=\"https:\/\/dserver.bundestag.de\/btd\/20\/104\/2010458.pdf\">Bundestags-Drucksache 20\/10458<\/a> vom 23.02.2024, S. 50):<\/p>\n<p>\u00bbWelche Informationen, beispielsweise in Form von verl\u00e4sslichen statistischen Daten zum \u00dcbergang von Besch\u00e4ftigung in das Zweite Buch Sozialgesetzbuch \u2013 B\u00fcrgergeld, liegen der Bundesregierung hinsichtlich der These vor, dass es seit der Einf\u00fchrung des B\u00fcrgergeldes im Jahr 2023 zu einer Welle massenhafter K\u00fcndigungen gekommen sei, und welche Schlussfolgerungen zieht sie angesichts der Faktenlage?\u00ab<\/p>\n<p>Und was hat das hier zust\u00e4ndige Bundesministerium f\u00fcr Arbeit und Soziales f\u00fcr die Bundesregierung geantwortet?<\/p>\n<p class=\"has-base-background-color has-background\"><strong>\u00bbDer Bundesregierung liegen keine empirischen Befunde zur Unterst\u00fctzung der genannten These vor.<\/strong><br \/>\n<strong>Im Jahr 2023 gab es nach Angaben der Statistik der Bundesagentur f\u00fcr Arbeit rund 3,28 Millionen Zug\u00e4nge in Arbeitslosigkeit im Rechtskreis des Zweiten Buches Sozialgesetzbuch (SGB II). Das sind 2,0 Prozent bzw. 64.000 mehr Zug\u00e4nge als im Jahr 2022.<\/strong><br \/>\n<strong>Die Zug\u00e4nge aus Besch\u00e4ftigung im 1. Arbeitsmarkt in Arbeitslosigkeit im Rechtskreis SGB II lagen im Jahr 2023 jedoch mit 341.000 Zug\u00e4ngen um 13,7 Prozent bzw. 54.000 Zug\u00e4ngen niedriger als im Jahr 2022.<\/strong><br \/>\n<strong>Damit gab es im Jahr 2023, dem Jahr der Einf\u00fchrung des B\u00fcrgergeldes, den bislang niedrigsten Zugang an Arbeitslosen in die Grundsicherung f\u00fcr Arbeitsuchende aus Besch\u00e4ftigung am 1. Arbeitsmarkt seit ihrer Einf\u00fchrung im Jahr 2005.<\/strong><br \/>\n<strong>Gleichzeitig ist die sozialversicherungspflichtige Besch\u00e4ftigung im Jahresverlauf 2023 saisonbereinigt weiter gestiegen.\u00ab<\/strong><\/p>\n<p>Derzeit gebe es schlichtweg keine Belege, dass es seit der Einf\u00fchrung des B\u00fcrgergelds zu einer Welle massenhafter K\u00fcndigungen gekommen sei.<\/p>\n<p>Eine andere Fragestellung w\u00e4re die, ob weniger B\u00fcrgergeld-Bezieher eine Erwerbsarbeit aufnehmen als fr\u00fcher im Hartz IV-System.<\/p>\n<p>Aber das mit den K\u00fcndigungen wegen B\u00fcrgergeld ist schlichtweg unter der Rubrik Stimmungsmache abzuheften. Allerdings muss man zur Kenntnis nehmen, dass die monatelange Debatte, dass sich Erwerbsarbeit angeblich oder in bestimmten Konstellationen aufgrund komplizierter Anrechungs- und Wegfallregelungen bei anderen Leistungen auch tats\u00e4chlich nur begrenzt lohnen w\u00fcrde, mittlerweile tief verankert wurde bei einer Mehrheit der Bev\u00f6lkerung, nach Umfragen gehen 75 Prozent der Menschen davon aus, dass das so ist. Da kann man noch so viele Gegenrechnungen machen. Oder auf die Daten verweisen. Das Bild von denen, die ihren Job hinschmei\u00dfen und es sich mit dem Regelsatz aus dem Grundsicherungssystem auf dem heimischen Sofa bequem machen, hat sich verselbstst\u00e4ndigt. Und wird nicht wieder verschwinden.<\/p>\n<\/div>\n","protected":false},"excerpt":{"rendered":"<p>Das B\u00fcrgergeld ist als K\u00fcndigungsgrund? Das geben die Daten nicht her, aber die Erz\u00e4hlung hat sich verselbstst\u00e4ndigt 3. M\u00e4rz 2024 von Stefan Sell Seit Monaten erleben wir eine sich selbst befeuernde Debatte \u00fcber das B\u00fcrgergeld, die verengt wurde auf die Aussage, dass es sich \u201enicht mehr lohnen\u201c w\u00fcrde, einer Erwerbsarbeit nachzugehen, weil man mit diesem B\u00fcrgergeld ohne anstrengende Arbeit das [&hellip;]<\/p>\n","protected":false},"author":7,"featured_media":0,"comment_status":"open","ping_status":"closed","sticky":false,"template":"","format":"standard","meta":{"footnotes":""},"categories":[3],"tags":[],"class_list":["post-9613","post","type-post","status-publish","format-standard","hentry","category-aktuell"],"_links":{"self":[{"href":"https:\/\/www.herner-sozialforum.de\/aktuell\/index.php?rest_route=\/wp\/v2\/posts\/9613","targetHints":{"allow":["GET"]}}],"collection":[{"href":"https:\/\/www.herner-sozialforum.de\/aktuell\/index.php?rest_route=\/wp\/v2\/posts"}],"about":[{"href":"https:\/\/www.herner-sozialforum.de\/aktuell\/index.php?rest_route=\/wp\/v2\/types\/post"}],"author":[{"embeddable":true,"href":"https:\/\/www.herner-sozialforum.de\/aktuell\/index.php?rest_route=\/wp\/v2\/users\/7"}],"replies":[{"embeddable":true,"href":"https:\/\/www.herner-sozialforum.de\/aktuell\/index.php?rest_route=%2Fwp%2Fv2%2Fcomments&post=9613"}],"version-history":[{"count":2,"href":"https:\/\/www.herner-sozialforum.de\/aktuell\/index.php?rest_route=\/wp\/v2\/posts\/9613\/revisions"}],"predecessor-version":[{"id":9615,"href":"https:\/\/www.herner-sozialforum.de\/aktuell\/index.php?rest_route=\/wp\/v2\/posts\/9613\/revisions\/9615"}],"wp:attachment":[{"href":"https:\/\/www.herner-sozialforum.de\/aktuell\/index.php?rest_route=%2Fwp%2Fv2%2Fmedia&parent=9613"}],"wp:term":[{"taxonomy":"category","embeddable":true,"href":"https:\/\/www.herner-sozialforum.de\/aktuell\/index.php?rest_route=%2Fwp%2Fv2%2Fcategories&post=9613"},{"taxonomy":"post_tag","embeddable":true,"href":"https:\/\/www.herner-sozialforum.de\/aktuell\/index.php?rest_route=%2Fwp%2Fv2%2Ftags&post=9613"}],"curies":[{"name":"wp","href":"https:\/\/api.w.org\/{rel}","templated":true}]}}